{"id":1815,"date":"2026-09-02T10:17:00","date_gmt":"2026-09-02T08:17:00","guid":{"rendered":"https:\/\/www.casaalcarmine.it\/?p=1815"},"modified":"2026-09-02T10:18:30","modified_gmt":"2026-09-02T08:18:30","slug":"max-pechstein-padova-palazzo-zabarella","status":"publish","type":"post","link":"https:\/\/www.casaalcarmine.it\/it\/2026\/09\/02\/max-pechstein-padova-palazzo-zabarella\/","title":{"rendered":"Max Pechstein a Padova: la mostra a Palazzo Zabarella"},"content":{"rendered":"<p data-path-to-node=\"4\">Padova si appresta ad accogliere uno degli appuntamenti artistici pi\u00f9 attesi della stagione culturale. Nell&#8217;autunno 2026, lo storico Palazzo Zabarella apre le sue sale alla grande mostra monografica dedicata all&#8217;opera e alla vita di <a href=\"https:\/\/www.zabarella.it\/mostre\/max-pechstein-espressionismo-anima-padova\" target=\"_blank\" rel=\"noopener\"><b data-path-to-node=\"4\" data-index-in-node=\"233\">Max Pechstein <\/b><\/a>(1881-1955), figura di spicco del movimento espressionista e celebre membro del gruppo <i data-path-to-node=\"4\" data-index-in-node=\"334\">Die Br\u00fccke<\/i> (Il Ponte).<\/p>\n<p data-path-to-node=\"5\">L&#8217;esposizione offre un&#8217;opportunit\u00e0 straordinaria per immergersi in oltre cinquant&#8217;anni di attivit\u00e0 dell&#8217;artista tedesco attraverso un percorso espositivo ricco e dettagliato. In mostra figurano <b data-path-to-node=\"5\" data-index-in-node=\"194\">oltre 120 opere<\/b> tra dipinti vivaci, acquerelli, disegni, potenti grafiche, fotografie d&#8217;epoca, schizzi e oggetti personali, capaci di svelare sia il processo creativo sia l&#8217;intensa vita di un maestro che ha segnato l&#8217;evoluzione del linguaggio visivo moderno.<\/p>\n<h3 data-path-to-node=\"6\"><b data-path-to-node=\"6\" data-index-in-node=\"0\">Max Pechstein e la ricerca dell&#8217;armonia tra uomo e natura<\/b><\/h3>\n<p data-path-to-node=\"7\">Nato a Zwickau e formatosi a Dresda, Max Pechstein prende rapidamente le distanze dalla rigida tradizione accademica per unirsi ai giovani rivoluzionari del gruppo <i data-path-to-node=\"7\" data-index-in-node=\"164\">Die Br\u00fccke<\/i>. Spirito libero e viaggiatore instancabile, Pechstein visita l&#8217;Italia e soggiorna a Parigi, entrando in contatto diretto con l&#8217;eredit\u00e0 artistica di Paul C\u00e9zanne, Henri Matisse e Paul Gauguin. Nel 1908 si stabilisce a Berlino, diventando uno degli interpreti pi\u00f9 affermati, richiesti e apprezzati dell&#8217;Espressionismo.<\/p>\n<p data-path-to-node=\"8\">La sua ricerca espressiva trova linfa vitale nei numerosi viaggi, dalle coste idilliache del Mar Baltico fino ai mari del Sud. Quelli che per Pechstein sono veri e propri paradisi incontaminati diventeranno la fonte d&#8217;ispirazione principale della sua produzione, riflesso di un desiderio profondo di evasione dalla frenesia urbana. La sua carriera affronta tuttavia momenti drammatici durante i due conflitti mondiali: sotto il regime nazista la sua arte viene bollata come &#8220;degenerata&#8221;, con la conseguente revoca della cattedra di pittura all&#8217;Accademia delle Arti di Berlino. Solo nel secondo dopoguerra viene reintegrato nel suo ruolo, ricevendo il pieno riconoscimento per il suo contributo alla cultura europea.<\/p>\n<p data-path-to-node=\"9\">La mostra a Palazzo Zabarella mette in luce la sua costante aspirazione a un rapporto armonioso e incontaminato tra l&#8217;essere umano e il paesaggio naturale, concepita come una contrapposizione poetica alle turbolenze storiche della sua epoca. Un messaggio di profonda attualit\u00e0 che, in un&#8217;era segnata dalle sfide ambientali, risuona con straordinaria forza.<\/p>\n<h3 data-path-to-node=\"11\"><b data-path-to-node=\"11\" data-index-in-node=\"0\">Casa al Carmine<\/b><\/h3>\n<p data-path-to-node=\"12\">Soggiornare a <b data-path-to-node=\"12\" data-index-in-node=\"14\">Casa al Carmine<\/b> \u00e8 la soluzione ideale per visitare la mostra di Max Pechstein e vivere l&#8217;offerta culturale di Padova. Situata in Piazza Mazzini, la nostra struttura dista appena <b data-path-to-node=\"12\" data-index-in-node=\"192\">700 metri dalla stazione ferroviaria<\/b> e permette di raggiungere Palazzo Zabarella in pochi minuti. Se viaggi in auto, mettiamo a disposizione un comodo <b data-path-to-node=\"12\" data-index-in-node=\"343\">parcheggio privato su prenotazione<\/b>.<\/p>\n<h3 data-path-to-node=\"13\"><b data-path-to-node=\"13\" data-index-in-node=\"0\">Info Mostra e Location<\/b><\/h3>\n<ul data-path-to-node=\"14\">\n<li>\n<p data-path-to-node=\"14,0,0\"><b data-path-to-node=\"14,0,0\" data-index-in-node=\"0\">Evento:<\/b> Mostra Monografica Max Pechstein<\/p>\n<\/li>\n<li>\n<p data-path-to-node=\"14,1,0\"><b data-path-to-node=\"14,1,0\" data-index-in-node=\"0\">Periodo:<\/b> Dal 24 Ottobre 2026 al 14 Marzo 2027<\/p>\n<\/li>\n<li>\n<p data-path-to-node=\"14,2,0\"><b data-path-to-node=\"14,2,0\" data-index-in-node=\"0\">Location:<\/b> <a href=\"https:\/\/www.zabarella.it\/palazzo-zabarella\" target=\"_blank\" rel=\"noopener\"><strong>Palazzo Zabarella\u00a0<\/strong><\/a><\/p>\n<\/li>\n<li>\n<p data-path-to-node=\"14,3,0\"><b data-path-to-node=\"14,3,0\" data-index-in-node=\"0\">Biglietti:<\/b> Informazioni e prevendite disponibili sul <strong><a href=\"https:\/\/www.zabarella.it\/biglietti-e-tariffe\" target=\"_blank\" rel=\"noopener\">qui sul sito ufficiale della Fondazione Bano \/ Palazzo Zabarella<\/a><\/strong>.<\/p>\n<\/li>\n<\/ul>\n<h3 data-path-to-node=\"15\"><b data-path-to-node=\"15\" data-index-in-node=\"0\">Come raggiungere Palazzo Zabarella da Casa al Carmine<\/b><\/h3>\n<ul data-path-to-node=\"16\">\n<li>\n<p data-path-to-node=\"16,0,0\"><b data-path-to-node=\"16,0,0\" data-index-in-node=\"0\">A Piedi:<\/b> Una piacevole passeggiata di circa <b data-path-to-node=\"16,0,0\" data-index-in-node=\"44\">15 minuti<\/b> attraversando il cuore del centro storico di Padova da Piazza Mazzini fino a Palazzo Zabarella.<\/p>\n<\/li>\n<li>\n<p data-path-to-node=\"16,1,0\"><b data-path-to-node=\"16,1,0\" data-index-in-node=\"0\">In Autobus da Piazza Mazzini:<\/b> Puoi salire sulla <b data-path-to-node=\"16,1,0\" data-index-in-node=\"48\">Linea 11<\/b> in Piazza Mazzini e scendere alla fermata Riviera Ponti Romani, situata a brevissima distanza a piedi dal palazzo.<\/p>\n<\/li>\n<li>\n<p data-path-to-node=\"16,2,0\"><b data-path-to-node=\"16,2,0\" data-index-in-node=\"0\">In Autobus da Via Giotto:<\/b> In alternativa, puoi raggiungere via Giotto e prendere le linee <b data-path-to-node=\"16,2,0\" data-index-in-node=\"90\">13<\/b> oppure <b data-path-to-node=\"16,2,0\" data-index-in-node=\"100\">22<\/b>, scendendo sempre alla comoda fermata Riviera Ponti Romani.<\/p>\n<\/li>\n<\/ul>\n<h4 data-path-to-node=\"17\"><a href=\"https:\/\/casaalcarmine.bookpage.io\" target=\"_blank\" rel=\"noopener\"><span style=\"color: #993300;\"><strong>Prenota il tuo soggiorno a Casa al Carmine e goditi una capatina nell&#8217;arte dell&#8217;Espressionismo a Padova!<\/strong><\/span><\/a><\/h4>\n<h3 data-path-to-node=\"20\"><\/h3>\n","protected":false},"excerpt":{"rendered":"<p>Padova si appresta ad accogliere uno degli appuntamenti artistici pi\u00f9 attesi della stagione culturale. Nell&#8217;autunno 2026, lo storico Palazzo Zabarella apre le sue sale alla grande<span class=\"excerpt-hellip\"> [\u2026]<\/span><\/p>\n","protected":false},"author":2,"featured_media":1816,"comment_status":"closed","ping_status":"open","sticky":false,"template":"","format":"standard","meta":{"footnotes":""},"categories":[247,11,1],"tags":[325,413,305,109],"class_list":["post-1815","post","type-post","status-publish","format-standard","has-post-thumbnail","hentry","category-home","category-mostre","category-news","tag-casa-al-carmine","tag-max-pechstein","tag-mostra-darte","tag-palazzo-zabarella"],"yoast_head":"<!-- This site is optimized with the Yoast SEO plugin v27.4 - https:\/\/yoast.com\/product\/yoast-seo-wordpress\/ -->\n<title>Casa al Carmine - Max Pechstein a Padova: la mostra a Palazzo Zabarella<\/title>\n<meta name=\"description\" content=\"Mostra di Max Pechstein a Palazzo Zabarella dal 24 ottobre 2026 al 14 marzo 2027. Scopri i dettagli e prenota a Casa al Carmine.\" \/>\n<meta name=\"robots\" content=\"index, follow, max-snippet:-1, max-image-preview:large, max-video-preview:-1\" \/>\n<link rel=\"canonical\" href=\"https:\/\/www.casaalcarmine.it\/it\/2026\/09\/02\/max-pechstein-padova-palazzo-zabarella\/\" \/>\n<meta property=\"og:locale\" content=\"it_IT\" \/>\n<meta property=\"og:type\" content=\"article\" \/>\n<meta property=\"og:title\" content=\"Casa al Carmine - Max Pechstein a Padova: la mostra a Palazzo Zabarella\" \/>\n<meta property=\"og:description\" content=\"Mostra di Max Pechstein a Palazzo Zabarella dal 24 ottobre 2026 al 14 marzo 2027. Scopri i dettagli e prenota a Casa al Carmine.\" \/>\n<meta property=\"og:url\" content=\"https:\/\/www.casaalcarmine.it\/it\/2026\/09\/02\/max-pechstein-padova-palazzo-zabarella\/\" \/>\n<meta property=\"og:site_name\" content=\"Casa al Carmine\" \/>\n<meta property=\"article:published_time\" content=\"2026-09-02T08:17:00+00:00\" \/>\n<meta property=\"article:modified_time\" content=\"2026-09-02T08:18:30+00:00\" \/>\n<meta property=\"og:image\" content=\"https:\/\/www.casaalcarmine.it\/wp-content\/uploads\/2026\/09\/sito-web-casa-al-carmine-47.png\" \/>\n\t<meta property=\"og:image:width\" content=\"950\" \/>\n\t<meta property=\"og:image:height\" content=\"714\" \/>\n\t<meta property=\"og:image:type\" content=\"image\/png\" \/>\n<meta name=\"author\" content=\"CasaAlCarmine\" \/>\n<meta name=\"twitter:card\" content=\"summary_large_image\" \/>\n<meta name=\"twitter:label1\" content=\"Scritto da\" \/>\n\t<meta name=\"twitter:data1\" content=\"CasaAlCarmine\" \/>\n\t<meta name=\"twitter:label2\" content=\"Tempo di lettura stimato\" \/>\n\t<meta name=\"twitter:data2\" content=\"4 minuti\" \/>\n<script type=\"application\/ld+json\" class=\"yoast-schema-graph\">{\"@context\":\"https:\\\/\\\/schema.org\",\"@graph\":[{\"@type\":\"Article\",\"@id\":\"https:\\\/\\\/www.casaalcarmine.it\\\/it\\\/2026\\\/09\\\/02\\\/max-pechstein-padova-palazzo-zabarella\\\/#article\",\"isPartOf\":{\"@id\":\"https:\\\/\\\/www.casaalcarmine.it\\\/it\\\/2026\\\/09\\\/02\\\/max-pechstein-padova-palazzo-zabarella\\\/\"},\"author\":{\"name\":\"CasaAlCarmine\",\"@id\":\"https:\\\/\\\/www.casaalcarmine.it\\\/it\\\/#\\\/schema\\\/person\\\/4e22aab4fe01bd7dd58a8aa90665b945\"},\"headline\":\"Max Pechstein a Padova: la mostra a Palazzo Zabarella\",\"datePublished\":\"2026-09-02T08:17:00+00:00\",\"dateModified\":\"2026-09-02T08:18:30+00:00\",\"mainEntityOfPage\":{\"@id\":\"https:\\\/\\\/www.casaalcarmine.it\\\/it\\\/2026\\\/09\\\/02\\\/max-pechstein-padova-palazzo-zabarella\\\/\"},\"wordCount\":566,\"image\":{\"@id\":\"https:\\\/\\\/www.casaalcarmine.it\\\/it\\\/2026\\\/09\\\/02\\\/max-pechstein-padova-palazzo-zabarella\\\/#primaryimage\"},\"thumbnailUrl\":\"https:\\\/\\\/www.casaalcarmine.it\\\/wp-content\\\/uploads\\\/2026\\\/09\\\/sito-web-casa-al-carmine-47.png\",\"keywords\":[\"Casa al Carmine\",\"Max Pechstein\",\"mostra d'arte\",\"Palazzo Zabarella\"],\"articleSection\":[\"home\",\"Mostre\",\"News\"],\"inLanguage\":\"it-IT\"},{\"@type\":\"WebPage\",\"@id\":\"https:\\\/\\\/www.casaalcarmine.it\\\/it\\\/2026\\\/09\\\/02\\\/max-pechstein-padova-palazzo-zabarella\\\/\",\"url\":\"https:\\\/\\\/www.casaalcarmine.it\\\/it\\\/2026\\\/09\\\/02\\\/max-pechstein-padova-palazzo-zabarella\\\/\",\"name\":\"Casa al Carmine - Max Pechstein a Padova: la mostra a Palazzo Zabarella\",\"isPartOf\":{\"@id\":\"https:\\\/\\\/www.casaalcarmine.it\\\/it\\\/#website\"},\"primaryImageOfPage\":{\"@id\":\"https:\\\/\\\/www.casaalcarmine.it\\\/it\\\/2026\\\/09\\\/02\\\/max-pechstein-padova-palazzo-zabarella\\\/#primaryimage\"},\"image\":{\"@id\":\"https:\\\/\\\/www.casaalcarmine.it\\\/it\\\/2026\\\/09\\\/02\\\/max-pechstein-padova-palazzo-zabarella\\\/#primaryimage\"},\"thumbnailUrl\":\"https:\\\/\\\/www.casaalcarmine.it\\\/wp-content\\\/uploads\\\/2026\\\/09\\\/sito-web-casa-al-carmine-47.png\",\"datePublished\":\"2026-09-02T08:17:00+00:00\",\"dateModified\":\"2026-09-02T08:18:30+00:00\",\"author\":{\"@id\":\"https:\\\/\\\/www.casaalcarmine.it\\\/it\\\/#\\\/schema\\\/person\\\/4e22aab4fe01bd7dd58a8aa90665b945\"},\"description\":\"Mostra di Max Pechstein a Palazzo Zabarella dal 24 ottobre 2026 al 14 marzo 2027. Scopri i dettagli e prenota a Casa al Carmine.\",\"breadcrumb\":{\"@id\":\"https:\\\/\\\/www.casaalcarmine.it\\\/it\\\/2026\\\/09\\\/02\\\/max-pechstein-padova-palazzo-zabarella\\\/#breadcrumb\"},\"inLanguage\":\"it-IT\",\"potentialAction\":[{\"@type\":\"ReadAction\",\"target\":[\"https:\\\/\\\/www.casaalcarmine.it\\\/it\\\/2026\\\/09\\\/02\\\/max-pechstein-padova-palazzo-zabarella\\\/\"]}]},{\"@type\":\"ImageObject\",\"inLanguage\":\"it-IT\",\"@id\":\"https:\\\/\\\/www.casaalcarmine.it\\\/it\\\/2026\\\/09\\\/02\\\/max-pechstein-padova-palazzo-zabarella\\\/#primaryimage\",\"url\":\"https:\\\/\\\/www.casaalcarmine.it\\\/wp-content\\\/uploads\\\/2026\\\/09\\\/sito-web-casa-al-carmine-47.png\",\"contentUrl\":\"https:\\\/\\\/www.casaalcarmine.it\\\/wp-content\\\/uploads\\\/2026\\\/09\\\/sito-web-casa-al-carmine-47.png\",\"width\":950,\"height\":714,\"caption\":\"Dove dormire per visitare Padova? Qual \u00e8 la zona migliore per dormire a Padova?\"},{\"@type\":\"BreadcrumbList\",\"@id\":\"https:\\\/\\\/www.casaalcarmine.it\\\/it\\\/2026\\\/09\\\/02\\\/max-pechstein-padova-palazzo-zabarella\\\/#breadcrumb\",\"itemListElement\":[{\"@type\":\"ListItem\",\"position\":1,\"name\":\"Home\",\"item\":\"https:\\\/\\\/www.casaalcarmine.it\\\/it\\\/\"},{\"@type\":\"ListItem\",\"position\":2,\"name\":\"Max Pechstein a Padova: la mostra a Palazzo Zabarella\"}]},{\"@type\":\"WebSite\",\"@id\":\"https:\\\/\\\/www.casaalcarmine.it\\\/it\\\/#website\",\"url\":\"https:\\\/\\\/www.casaalcarmine.it\\\/it\\\/\",\"name\":\"Casa al Carmine\",\"description\":\"Casa e Colazione\",\"potentialAction\":[{\"@type\":\"SearchAction\",\"target\":{\"@type\":\"EntryPoint\",\"urlTemplate\":\"https:\\\/\\\/www.casaalcarmine.it\\\/it\\\/?s={search_term_string}\"},\"query-input\":{\"@type\":\"PropertyValueSpecification\",\"valueRequired\":true,\"valueName\":\"search_term_string\"}}],\"inLanguage\":\"it-IT\"},{\"@type\":\"Person\",\"@id\":\"https:\\\/\\\/www.casaalcarmine.it\\\/it\\\/#\\\/schema\\\/person\\\/4e22aab4fe01bd7dd58a8aa90665b945\",\"name\":\"CasaAlCarmine\",\"image\":{\"@type\":\"ImageObject\",\"inLanguage\":\"it-IT\",\"@id\":\"https:\\\/\\\/secure.gravatar.com\\\/avatar\\\/ea621798a1fbff03768452921bf6a351e99273cab8bab0fe7152ee8385a6d4f4?s=96&d=mm&r=g\",\"url\":\"https:\\\/\\\/secure.gravatar.com\\\/avatar\\\/ea621798a1fbff03768452921bf6a351e99273cab8bab0fe7152ee8385a6d4f4?s=96&d=mm&r=g\",\"contentUrl\":\"https:\\\/\\\/secure.gravatar.com\\\/avatar\\\/ea621798a1fbff03768452921bf6a351e99273cab8bab0fe7152ee8385a6d4f4?s=96&d=mm&r=g\",\"caption\":\"CasaAlCarmine\"}}]}<\/script>\n<!-- \/ Yoast SEO plugin. -->","yoast_head_json":{"title":"Casa al Carmine - Max Pechstein a Padova: la mostra a Palazzo Zabarella","description":"Mostra di Max Pechstein a Palazzo Zabarella dal 24 ottobre 2026 al 14 marzo 2027. Scopri i dettagli e prenota a Casa al Carmine.","robots":{"index":"index","follow":"follow","max-snippet":"max-snippet:-1","max-image-preview":"max-image-preview:large","max-video-preview":"max-video-preview:-1"},"canonical":"https:\/\/www.casaalcarmine.it\/it\/2026\/09\/02\/max-pechstein-padova-palazzo-zabarella\/","og_locale":"it_IT","og_type":"article","og_title":"Casa al Carmine - Max Pechstein a Padova: la mostra a Palazzo Zabarella","og_description":"Mostra di Max Pechstein a Palazzo Zabarella dal 24 ottobre 2026 al 14 marzo 2027. Scopri i dettagli e prenota a Casa al Carmine.","og_url":"https:\/\/www.casaalcarmine.it\/it\/2026\/09\/02\/max-pechstein-padova-palazzo-zabarella\/","og_site_name":"Casa al Carmine","article_published_time":"2026-09-02T08:17:00+00:00","article_modified_time":"2026-09-02T08:18:30+00:00","og_image":[{"width":950,"height":714,"url":"https:\/\/www.casaalcarmine.it\/wp-content\/uploads\/2026\/09\/sito-web-casa-al-carmine-47.png","type":"image\/png"}],"author":"CasaAlCarmine","twitter_card":"summary_large_image","twitter_misc":{"Scritto da":"CasaAlCarmine","Tempo di lettura stimato":"4 minuti"},"schema":{"@context":"https:\/\/schema.org","@graph":[{"@type":"Article","@id":"https:\/\/www.casaalcarmine.it\/it\/2026\/09\/02\/max-pechstein-padova-palazzo-zabarella\/#article","isPartOf":{"@id":"https:\/\/www.casaalcarmine.it\/it\/2026\/09\/02\/max-pechstein-padova-palazzo-zabarella\/"},"author":{"name":"CasaAlCarmine","@id":"https:\/\/www.casaalcarmine.it\/it\/#\/schema\/person\/4e22aab4fe01bd7dd58a8aa90665b945"},"headline":"Max Pechstein a Padova: la mostra a Palazzo Zabarella","datePublished":"2026-09-02T08:17:00+00:00","dateModified":"2026-09-02T08:18:30+00:00","mainEntityOfPage":{"@id":"https:\/\/www.casaalcarmine.it\/it\/2026\/09\/02\/max-pechstein-padova-palazzo-zabarella\/"},"wordCount":566,"image":{"@id":"https:\/\/www.casaalcarmine.it\/it\/2026\/09\/02\/max-pechstein-padova-palazzo-zabarella\/#primaryimage"},"thumbnailUrl":"https:\/\/www.casaalcarmine.it\/wp-content\/uploads\/2026\/09\/sito-web-casa-al-carmine-47.png","keywords":["Casa al Carmine","Max Pechstein","mostra d'arte","Palazzo Zabarella"],"articleSection":["home","Mostre","News"],"inLanguage":"it-IT"},{"@type":"WebPage","@id":"https:\/\/www.casaalcarmine.it\/it\/2026\/09\/02\/max-pechstein-padova-palazzo-zabarella\/","url":"https:\/\/www.casaalcarmine.it\/it\/2026\/09\/02\/max-pechstein-padova-palazzo-zabarella\/","name":"Casa al Carmine - Max Pechstein a Padova: la mostra a Palazzo Zabarella","isPartOf":{"@id":"https:\/\/www.casaalcarmine.it\/it\/#website"},"primaryImageOfPage":{"@id":"https:\/\/www.casaalcarmine.it\/it\/2026\/09\/02\/max-pechstein-padova-palazzo-zabarella\/#primaryimage"},"image":{"@id":"https:\/\/www.casaalcarmine.it\/it\/2026\/09\/02\/max-pechstein-padova-palazzo-zabarella\/#primaryimage"},"thumbnailUrl":"https:\/\/www.casaalcarmine.it\/wp-content\/uploads\/2026\/09\/sito-web-casa-al-carmine-47.png","datePublished":"2026-09-02T08:17:00+00:00","dateModified":"2026-09-02T08:18:30+00:00","author":{"@id":"https:\/\/www.casaalcarmine.it\/it\/#\/schema\/person\/4e22aab4fe01bd7dd58a8aa90665b945"},"description":"Mostra di Max Pechstein a Palazzo Zabarella dal 24 ottobre 2026 al 14 marzo 2027. Scopri i dettagli e prenota a Casa al Carmine.","breadcrumb":{"@id":"https:\/\/www.casaalcarmine.it\/it\/2026\/09\/02\/max-pechstein-padova-palazzo-zabarella\/#breadcrumb"},"inLanguage":"it-IT","potentialAction":[{"@type":"ReadAction","target":["https:\/\/www.casaalcarmine.it\/it\/2026\/09\/02\/max-pechstein-padova-palazzo-zabarella\/"]}]},{"@type":"ImageObject","inLanguage":"it-IT","@id":"https:\/\/www.casaalcarmine.it\/it\/2026\/09\/02\/max-pechstein-padova-palazzo-zabarella\/#primaryimage","url":"https:\/\/www.casaalcarmine.it\/wp-content\/uploads\/2026\/09\/sito-web-casa-al-carmine-47.png","contentUrl":"https:\/\/www.casaalcarmine.it\/wp-content\/uploads\/2026\/09\/sito-web-casa-al-carmine-47.png","width":950,"height":714,"caption":"Dove dormire per visitare Padova? Qual \u00e8 la zona migliore per dormire a Padova?"},{"@type":"BreadcrumbList","@id":"https:\/\/www.casaalcarmine.it\/it\/2026\/09\/02\/max-pechstein-padova-palazzo-zabarella\/#breadcrumb","itemListElement":[{"@type":"ListItem","position":1,"name":"Home","item":"https:\/\/www.casaalcarmine.it\/it\/"},{"@type":"ListItem","position":2,"name":"Max Pechstein a Padova: la mostra a Palazzo Zabarella"}]},{"@type":"WebSite","@id":"https:\/\/www.casaalcarmine.it\/it\/#website","url":"https:\/\/www.casaalcarmine.it\/it\/","name":"Casa al Carmine","description":"Casa e Colazione","potentialAction":[{"@type":"SearchAction","target":{"@type":"EntryPoint","urlTemplate":"https:\/\/www.casaalcarmine.it\/it\/?s={search_term_string}"},"query-input":{"@type":"PropertyValueSpecification","valueRequired":true,"valueName":"search_term_string"}}],"inLanguage":"it-IT"},{"@type":"Person","@id":"https:\/\/www.casaalcarmine.it\/it\/#\/schema\/person\/4e22aab4fe01bd7dd58a8aa90665b945","name":"CasaAlCarmine","image":{"@type":"ImageObject","inLanguage":"it-IT","@id":"https:\/\/secure.gravatar.com\/avatar\/ea621798a1fbff03768452921bf6a351e99273cab8bab0fe7152ee8385a6d4f4?s=96&d=mm&r=g","url":"https:\/\/secure.gravatar.com\/avatar\/ea621798a1fbff03768452921bf6a351e99273cab8bab0fe7152ee8385a6d4f4?s=96&d=mm&r=g","contentUrl":"https:\/\/secure.gravatar.com\/avatar\/ea621798a1fbff03768452921bf6a351e99273cab8bab0fe7152ee8385a6d4f4?s=96&d=mm&r=g","caption":"CasaAlCarmine"}}]}},"_links":{"self":[{"href":"https:\/\/www.casaalcarmine.it\/it\/wp-json\/wp\/v2\/posts\/1815","targetHints":{"allow":["GET"]}}],"collection":[{"href":"https:\/\/www.casaalcarmine.it\/it\/wp-json\/wp\/v2\/posts"}],"about":[{"href":"https:\/\/www.casaalcarmine.it\/it\/wp-json\/wp\/v2\/types\/post"}],"author":[{"embeddable":true,"href":"https:\/\/www.casaalcarmine.it\/it\/wp-json\/wp\/v2\/users\/2"}],"replies":[{"embeddable":true,"href":"https:\/\/www.casaalcarmine.it\/it\/wp-json\/wp\/v2\/comments?post=1815"}],"version-history":[{"count":3,"href":"https:\/\/www.casaalcarmine.it\/it\/wp-json\/wp\/v2\/posts\/1815\/revisions"}],"predecessor-version":[{"id":1820,"href":"https:\/\/www.casaalcarmine.it\/it\/wp-json\/wp\/v2\/posts\/1815\/revisions\/1820"}],"wp:featuredmedia":[{"embeddable":true,"href":"https:\/\/www.casaalcarmine.it\/it\/wp-json\/wp\/v2\/media\/1816"}],"wp:attachment":[{"href":"https:\/\/www.casaalcarmine.it\/it\/wp-json\/wp\/v2\/media?parent=1815"}],"wp:term":[{"taxonomy":"category","embeddable":true,"href":"https:\/\/www.casaalcarmine.it\/it\/wp-json\/wp\/v2\/categories?post=1815"},{"taxonomy":"post_tag","embeddable":true,"href":"https:\/\/www.casaalcarmine.it\/it\/wp-json\/wp\/v2\/tags?post=1815"}],"curies":[{"name":"wp","href":"https:\/\/api.w.org\/{rel}","templated":true}]}}